{"id":1303,"date":"2025-10-06T17:27:54","date_gmt":"2025-10-06T15:27:54","guid":{"rendered":"https:\/\/kabellion.net\/?p=1303"},"modified":"2025-10-06T17:31:28","modified_gmt":"2025-10-06T15:31:28","slug":"14-09-2025-lexposition-cezanne-a-aix-en-provence","status":"publish","type":"post","link":"https:\/\/kabellion.net\/index.php\/2025\/10\/06\/14-09-2025-lexposition-cezanne-a-aix-en-provence\/","title":{"rendered":"14\/09\/2025 &#8211; Visite de l&rsquo;exposition C\u00e9zanne \u00e0 Aix-en-Provence"},"content":{"rendered":"\t\t<div data-elementor-type=\"wp-post\" data-elementor-id=\"1303\" class=\"elementor elementor-1303\" data-elementor-post-type=\"post\">\n\t\t\t\t\t\t<section class=\"elementor-section elementor-top-section elementor-element elementor-element-4aa288c elementor-section-boxed elementor-section-height-default elementor-section-height-default\" data-id=\"4aa288c\" data-element_type=\"section\" data-e-type=\"section\">\n\t\t\t\t\t\t<div class=\"elementor-container elementor-column-gap-default\">\n\t\t\t\t\t<div class=\"elementor-column elementor-col-100 elementor-top-column elementor-element elementor-element-ce6a129\" data-id=\"ce6a129\" data-element_type=\"column\" data-e-type=\"column\">\n\t\t\t<div class=\"elementor-widget-wrap elementor-element-populated\">\n\t\t\t\t\t\t<div class=\"elementor-element elementor-element-1c6c945 elementor-widget elementor-widget-spacer\" data-id=\"1c6c945\" data-element_type=\"widget\" data-e-type=\"widget\" data-widget_type=\"spacer.default\">\n\t\t\t\t<div class=\"elementor-widget-container\">\n\t\t\t\t\t\t\t<div class=\"elementor-spacer\">\n\t\t\t<div class=\"elementor-spacer-inner\"><\/div>\n\t\t<\/div>\n\t\t\t\t\t\t<\/div>\n\t\t\t\t<\/div>\n\t\t\t\t<section class=\"elementor-section elementor-inner-section elementor-element elementor-element-a88622a elementor-section-boxed elementor-section-height-default elementor-section-height-default\" data-id=\"a88622a\" data-element_type=\"section\" data-e-type=\"section\">\n\t\t\t\t\t\t<div class=\"elementor-container elementor-column-gap-default\">\n\t\t\t\t\t<div class=\"elementor-column elementor-col-50 elementor-inner-column elementor-element elementor-element-e4c8ab0\" data-id=\"e4c8ab0\" data-element_type=\"column\" data-e-type=\"column\">\n\t\t\t<div class=\"elementor-widget-wrap elementor-element-populated\">\n\t\t\t\t\t\t<div class=\"elementor-element elementor-element-e1bb88c elementor-widget elementor-widget-text-editor\" data-id=\"e1bb88c\" data-element_type=\"widget\" data-e-type=\"widget\" data-widget_type=\"text-editor.default\">\n\t\t\t\t<div class=\"elementor-widget-container\">\n\t\t\t\t\t\t\t\t\t<p>Douceur et tranquillit\u00e9 aixoise ont \u00e9t\u00e9 les ma\u00eetres-mots de cette visite \u00e0 l\u2019exposition \u00ab\u00a0C\u00e9zanne au Jas de Bouffan\u00a0\u00bb. <br \/><br \/>Au long des salles du mus\u00e9e Granet une r\u00e9trospective de 130 peintures, aquarelles et dessins nous a plong\u00e9s dans l\u2019intimit\u00e9 de l\u2019artiste\u00a0: ses lieux de vie, sa famille, ses amis. <br \/><br \/>Cet apport d\u2019\u0153uvres venant de mus\u00e9es fran\u00e7ais mais aussi de B\u00e2le, Chicago, Cambridge, Londres, Los Angeles, New York, Ottawa, Tokyo ou Zurich souligne avec fiert\u00e9 la reconnaissance mondiale d\u2019un artiste local \u00e0 qui la ville d\u2019Aix-en-Provence rend un hommage m\u00e9rit\u00e9.<\/p>\t\t\t\t\t\t\t\t<\/div>\n\t\t\t\t<\/div>\n\t\t\t\t\t<\/div>\n\t\t<\/div>\n\t\t\t\t<div class=\"elementor-column elementor-col-50 elementor-inner-column elementor-element elementor-element-2a9da6b\" data-id=\"2a9da6b\" data-element_type=\"column\" data-e-type=\"column\">\n\t\t\t<div class=\"elementor-widget-wrap elementor-element-populated\">\n\t\t\t\t\t\t<div class=\"elementor-element elementor-element-e634517 elementor-widget elementor-widget-image\" data-id=\"e634517\" data-element_type=\"widget\" data-e-type=\"widget\" data-widget_type=\"image.default\">\n\t\t\t\t<div class=\"elementor-widget-container\">\n\t\t\t\t\t\t\t\t\t\t\t\t\t\t\t<img fetchpriority=\"high\" decoding=\"async\" width=\"509\" height=\"382\" src=\"https:\/\/kabellion.net\/wp-content\/uploads\/2025\/09\/Cezanne-Aix-en-Provence-2025-e1759764789978.jpg\" class=\"attachment-large size-large wp-image-1184\" alt=\"Ce\u0301zanne Aix en Provence 2025\" srcset=\"https:\/\/kabellion.net\/wp-content\/uploads\/2025\/09\/Cezanne-Aix-en-Provence-2025-e1759764789978.jpg 509w, https:\/\/kabellion.net\/wp-content\/uploads\/2025\/09\/Cezanne-Aix-en-Provence-2025-e1759764789978-300x225.jpg 300w\" sizes=\"(max-width: 509px) 100vw, 509px\" \/>\t\t\t\t\t\t\t\t\t\t\t\t\t\t\t<\/div>\n\t\t\t\t<\/div>\n\t\t\t\t\t<\/div>\n\t\t<\/div>\n\t\t\t\t\t<\/div>\n\t\t<\/section>\n\t\t\t\t<div class=\"elementor-element elementor-element-66f9bc2 elementor-widget elementor-widget-spacer\" data-id=\"66f9bc2\" data-element_type=\"widget\" data-e-type=\"widget\" data-widget_type=\"spacer.default\">\n\t\t\t\t<div class=\"elementor-widget-container\">\n\t\t\t\t\t\t\t<div class=\"elementor-spacer\">\n\t\t\t<div class=\"elementor-spacer-inner\"><\/div>\n\t\t<\/div>\n\t\t\t\t\t\t<\/div>\n\t\t\t\t<\/div>\n\t\t\t\t\t<\/div>\n\t\t<\/div>\n\t\t\t\t\t<\/div>\n\t\t<\/section>\n\t\t\t\t<\/div>\n\t\t","protected":false},"excerpt":{"rendered":"<p>Douceur et tranquillit\u00e9 aixoise ont \u00e9t\u00e9 les ma\u00eetres-mots de cette visite \u00e0 l\u2019exposition \u00ab\u00a0C\u00e9zanne au Jas de Bouffan\u00a0\u00bb. Au long des salles du mus\u00e9e Granet une r\u00e9trospective de 130 peintures, aquarelles et dessins nous a plong\u00e9s dans l\u2019intimit\u00e9 de l\u2019artiste\u00a0: ses lieux de vie, sa famille, ses amis. Cet apport d\u2019\u0153uvres venant de mus\u00e9es fran\u00e7ais [&hellip;]<\/p>\n","protected":false},"author":1,"featured_media":1184,"comment_status":"closed","ping_status":"closed","sticky":false,"template":"","format":"standard","meta":{"site-sidebar-layout":"default","site-content-layout":"","ast-site-content-layout":"default","site-content-style":"default","site-sidebar-style":"default","ast-global-header-display":"","ast-banner-title-visibility":"","ast-main-header-display":"","ast-hfb-above-header-display":"","ast-hfb-below-header-display":"","ast-hfb-mobile-header-display":"","site-post-title":"","ast-breadcrumbs-content":"","ast-featured-img":"","footer-sml-layout":"","ast-disable-related-posts":"","theme-transparent-header-meta":"","adv-header-id-meta":"","stick-header-meta":"","header-above-stick-meta":"","header-main-stick-meta":"","header-below-stick-meta":"","astra-migrate-meta-layouts":"default","ast-page-background-enabled":"default","ast-page-background-meta":{"desktop":{"background-color":"var(--ast-global-color-4)","background-image":"","background-repeat":"repeat","background-position":"center center","background-size":"auto","background-attachment":"scroll","background-type":"","background-media":"","overlay-type":"","overlay-color":"","overlay-opacity":"","overlay-gradient":""},"tablet":{"background-color":"","background-image":"","background-repeat":"repeat","background-position":"center center","background-size":"auto","background-attachment":"scroll","background-type":"","background-media":"","overlay-type":"","overlay-color":"","overlay-opacity":"","overlay-gradient":""},"mobile":{"background-color":"","background-image":"","background-repeat":"repeat","background-position":"center center","background-size":"auto","background-attachment":"scroll","background-type":"","background-media":"","overlay-type":"","overlay-color":"","overlay-opacity":"","overlay-gradient":""}},"ast-content-background-meta":{"desktop":{"background-color":"var(--ast-global-color-5)","background-image":"","background-repeat":"repeat","background-position":"center center","background-size":"auto","background-attachment":"scroll","background-type":"","background-media":"","overlay-type":"","overlay-color":"","overlay-opacity":"","overlay-gradient":""},"tablet":{"background-color":"var(--ast-global-color-5)","background-image":"","background-repeat":"repeat","background-position":"center center","background-size":"auto","background-attachment":"scroll","background-type":"","background-media":"","overlay-type":"","overlay-color":"","overlay-opacity":"","overlay-gradient":""},"mobile":{"background-color":"var(--ast-global-color-5)","background-image":"","background-repeat":"repeat","background-position":"center center","background-size":"auto","background-attachment":"scroll","background-type":"","background-media":"","overlay-type":"","overlay-color":"","overlay-opacity":"","overlay-gradient":""}},"footnotes":""},"categories":[7],"tags":[],"class_list":["post-1303","post","type-post","status-publish","format-standard","has-post-thumbnail","hentry","category-evenements"],"yoast_head":"<!-- This site is optimized with the Yoast SEO plugin v27.1.1 - https:\/\/yoast.com\/product\/yoast-seo-wordpress\/ -->\n<title>14\/09\/2025 - Visite de l&#039;exposition C\u00e9zanne \u00e0 Aix-en-Provence - kabellion<\/title>\n<meta name=\"description\" content=\"Visite du Ch\u00e2teau d&#039;Avignon en Camargue par l&#039;association Kabellion.\" \/>\n<meta name=\"robots\" content=\"index, follow, max-snippet:-1, max-image-preview:large, max-video-preview:-1\" \/>\n<link rel=\"canonical\" href=\"https:\/\/kabellion.net\/index.php\/2025\/10\/06\/14-09-2025-lexposition-cezanne-a-aix-en-provence\/\" \/>\n<meta property=\"og:locale\" content=\"fr_FR\" \/>\n<meta property=\"og:type\" content=\"article\" \/>\n<meta property=\"og:title\" content=\"14\/09\/2025 - Visite de l&#039;exposition C\u00e9zanne \u00e0 Aix-en-Provence - kabellion\" \/>\n<meta property=\"og:description\" content=\"Visite du Ch\u00e2teau d&#039;Avignon en Camargue par l&#039;association Kabellion.\" \/>\n<meta property=\"og:url\" content=\"https:\/\/kabellion.net\/index.php\/2025\/10\/06\/14-09-2025-lexposition-cezanne-a-aix-en-provence\/\" \/>\n<meta property=\"og:site_name\" content=\"kabellion\" \/>\n<meta property=\"article:published_time\" content=\"2025-10-06T15:27:54+00:00\" \/>\n<meta property=\"article:modified_time\" content=\"2025-10-06T15:31:28+00:00\" \/>\n<meta property=\"og:image\" content=\"https:\/\/kabellion.net\/wp-content\/uploads\/2025\/09\/Cezanne-Aix-en-Provence-2025.jpg\" \/>\n\t<meta property=\"og:image:width\" content=\"680\" \/>\n\t<meta property=\"og:image:height\" content=\"382\" \/>\n\t<meta property=\"og:image:type\" content=\"image\/jpeg\" \/>\n<meta name=\"author\" content=\"Kabellion\" \/>\n<meta name=\"twitter:card\" content=\"summary_large_image\" \/>\n<meta name=\"twitter:label1\" content=\"\u00c9crit par\" \/>\n\t<meta name=\"twitter:data1\" content=\"Kabellion\" \/>\n\t<meta name=\"twitter:label2\" content=\"Dur\u00e9e de lecture estim\u00e9e\" \/>\n\t<meta name=\"twitter:data2\" content=\"1 minute\" \/>\n<script type=\"application\/ld+json\" class=\"yoast-schema-graph\">{\"@context\":\"https:\/\/schema.org\",\"@graph\":[{\"@type\":\"Article\",\"@id\":\"https:\/\/kabellion.net\/index.php\/2025\/10\/06\/14-09-2025-lexposition-cezanne-a-aix-en-provence\/#article\",\"isPartOf\":{\"@id\":\"https:\/\/kabellion.net\/index.php\/2025\/10\/06\/14-09-2025-lexposition-cezanne-a-aix-en-provence\/\"},\"author\":{\"name\":\"Kabellion\",\"@id\":\"https:\/\/kabellion.net\/#\/schema\/person\/8b3e384795cabe38c3993960aa7fef2c\"},\"headline\":\"14\/09\/2025 &#8211; Visite de l&rsquo;exposition C\u00e9zanne \u00e0 Aix-en-Provence\",\"datePublished\":\"2025-10-06T15:27:54+00:00\",\"dateModified\":\"2025-10-06T15:31:28+00:00\",\"mainEntityOfPage\":{\"@id\":\"https:\/\/kabellion.net\/index.php\/2025\/10\/06\/14-09-2025-lexposition-cezanne-a-aix-en-provence\/\"},\"wordCount\":108,\"publisher\":{\"@id\":\"https:\/\/kabellion.net\/#organization\"},\"image\":{\"@id\":\"https:\/\/kabellion.net\/index.php\/2025\/10\/06\/14-09-2025-lexposition-cezanne-a-aix-en-provence\/#primaryimage\"},\"thumbnailUrl\":\"https:\/\/kabellion.net\/wp-content\/uploads\/2025\/09\/Cezanne-Aix-en-Provence-2025-e1759764789978.jpg\",\"articleSection\":[\"\u00c9v\u00e8nements\"],\"inLanguage\":\"fr-FR\"},{\"@type\":\"WebPage\",\"@id\":\"https:\/\/kabellion.net\/index.php\/2025\/10\/06\/14-09-2025-lexposition-cezanne-a-aix-en-provence\/\",\"url\":\"https:\/\/kabellion.net\/index.php\/2025\/10\/06\/14-09-2025-lexposition-cezanne-a-aix-en-provence\/\",\"name\":\"14\/09\/2025 - Visite de l'exposition C\u00e9zanne \u00e0 Aix-en-Provence - kabellion\",\"isPartOf\":{\"@id\":\"https:\/\/kabellion.net\/#website\"},\"primaryImageOfPage\":{\"@id\":\"https:\/\/kabellion.net\/index.php\/2025\/10\/06\/14-09-2025-lexposition-cezanne-a-aix-en-provence\/#primaryimage\"},\"image\":{\"@id\":\"https:\/\/kabellion.net\/index.php\/2025\/10\/06\/14-09-2025-lexposition-cezanne-a-aix-en-provence\/#primaryimage\"},\"thumbnailUrl\":\"https:\/\/kabellion.net\/wp-content\/uploads\/2025\/09\/Cezanne-Aix-en-Provence-2025-e1759764789978.jpg\",\"datePublished\":\"2025-10-06T15:27:54+00:00\",\"dateModified\":\"2025-10-06T15:31:28+00:00\",\"description\":\"Visite du Ch\u00e2teau d'Avignon en Camargue par l'association Kabellion.\",\"breadcrumb\":{\"@id\":\"https:\/\/kabellion.net\/index.php\/2025\/10\/06\/14-09-2025-lexposition-cezanne-a-aix-en-provence\/#breadcrumb\"},\"inLanguage\":\"fr-FR\",\"potentialAction\":[{\"@type\":\"ReadAction\",\"target\":[\"https:\/\/kabellion.net\/index.php\/2025\/10\/06\/14-09-2025-lexposition-cezanne-a-aix-en-provence\/\"]}]},{\"@type\":\"ImageObject\",\"inLanguage\":\"fr-FR\",\"@id\":\"https:\/\/kabellion.net\/index.php\/2025\/10\/06\/14-09-2025-lexposition-cezanne-a-aix-en-provence\/#primaryimage\",\"url\":\"https:\/\/kabellion.net\/wp-content\/uploads\/2025\/09\/Cezanne-Aix-en-Provence-2025-e1759764789978.jpg\",\"contentUrl\":\"https:\/\/kabellion.net\/wp-content\/uploads\/2025\/09\/Cezanne-Aix-en-Provence-2025-e1759764789978.jpg\",\"width\":509,\"height\":382,\"caption\":\"Ce\u0301zanne Aix en Provence 2025\"},{\"@type\":\"BreadcrumbList\",\"@id\":\"https:\/\/kabellion.net\/index.php\/2025\/10\/06\/14-09-2025-lexposition-cezanne-a-aix-en-provence\/#breadcrumb\",\"itemListElement\":[{\"@type\":\"ListItem\",\"position\":1,\"name\":\"Accueil\",\"item\":\"https:\/\/kabellion.net\/\"},{\"@type\":\"ListItem\",\"position\":2,\"name\":\"14\/09\/2025 &#8211; Visite de l&rsquo;exposition C\u00e9zanne \u00e0 Aix-en-Provence\"}]},{\"@type\":\"WebSite\",\"@id\":\"https:\/\/kabellion.net\/#website\",\"url\":\"https:\/\/kabellion.net\/\",\"name\":\"kabellion\",\"description\":\"Kabellion Histoire &amp; patrimoine de Cavaillon\",\"publisher\":{\"@id\":\"https:\/\/kabellion.net\/#organization\"},\"potentialAction\":[{\"@type\":\"SearchAction\",\"target\":{\"@type\":\"EntryPoint\",\"urlTemplate\":\"https:\/\/kabellion.net\/?s={search_term_string}\"},\"query-input\":{\"@type\":\"PropertyValueSpecification\",\"valueRequired\":true,\"valueName\":\"search_term_string\"}}],\"inLanguage\":\"fr-FR\"},{\"@type\":\"Organization\",\"@id\":\"https:\/\/kabellion.net\/#organization\",\"name\":\"kabellion\",\"url\":\"https:\/\/kabellion.net\/\",\"logo\":{\"@type\":\"ImageObject\",\"inLanguage\":\"fr-FR\",\"@id\":\"https:\/\/kabellion.net\/#\/schema\/logo\/image\/\",\"url\":\"https:\/\/kabellion.net\/wp-content\/uploads\/2023\/10\/Logo-Kabellion.jpeg\",\"contentUrl\":\"https:\/\/kabellion.net\/wp-content\/uploads\/2023\/10\/Logo-Kabellion.jpeg\",\"width\":843,\"height\":363,\"caption\":\"kabellion\"},\"image\":{\"@id\":\"https:\/\/kabellion.net\/#\/schema\/logo\/image\/\"}},{\"@type\":\"Person\",\"@id\":\"https:\/\/kabellion.net\/#\/schema\/person\/8b3e384795cabe38c3993960aa7fef2c\",\"name\":\"Kabellion\",\"image\":{\"@type\":\"ImageObject\",\"inLanguage\":\"fr-FR\",\"@id\":\"https:\/\/kabellion.net\/#\/schema\/person\/image\/\",\"url\":\"https:\/\/secure.gravatar.com\/avatar\/ceff023647a39178237ea3e12020fd5b05956125ab909d0207cf53253aba27d8?s=96&d=mm&r=g\",\"contentUrl\":\"https:\/\/secure.gravatar.com\/avatar\/ceff023647a39178237ea3e12020fd5b05956125ab909d0207cf53253aba27d8?s=96&d=mm&r=g\",\"caption\":\"Kabellion\"},\"sameAs\":[\"http:\/\/kabellion.net\"],\"url\":\"https:\/\/kabellion.net\/index.php\/author\/admin4880\/\"}]}<\/script>\n<!-- \/ Yoast SEO plugin. -->","yoast_head_json":{"title":"14\/09\/2025 - Visite de l'exposition C\u00e9zanne \u00e0 Aix-en-Provence - kabellion","description":"Visite du Ch\u00e2teau d'Avignon en Camargue par l'association Kabellion.","robots":{"index":"index","follow":"follow","max-snippet":"max-snippet:-1","max-image-preview":"max-image-preview:large","max-video-preview":"max-video-preview:-1"},"canonical":"https:\/\/kabellion.net\/index.php\/2025\/10\/06\/14-09-2025-lexposition-cezanne-a-aix-en-provence\/","og_locale":"fr_FR","og_type":"article","og_title":"14\/09\/2025 - Visite de l'exposition C\u00e9zanne \u00e0 Aix-en-Provence - kabellion","og_description":"Visite du Ch\u00e2teau d'Avignon en Camargue par l'association Kabellion.","og_url":"https:\/\/kabellion.net\/index.php\/2025\/10\/06\/14-09-2025-lexposition-cezanne-a-aix-en-provence\/","og_site_name":"kabellion","article_published_time":"2025-10-06T15:27:54+00:00","article_modified_time":"2025-10-06T15:31:28+00:00","og_image":[{"width":680,"height":382,"url":"https:\/\/kabellion.net\/wp-content\/uploads\/2025\/09\/Cezanne-Aix-en-Provence-2025.jpg","type":"image\/jpeg"}],"author":"Kabellion","twitter_card":"summary_large_image","twitter_misc":{"\u00c9crit par":"Kabellion","Dur\u00e9e de lecture estim\u00e9e":"1 minute"},"schema":{"@context":"https:\/\/schema.org","@graph":[{"@type":"Article","@id":"https:\/\/kabellion.net\/index.php\/2025\/10\/06\/14-09-2025-lexposition-cezanne-a-aix-en-provence\/#article","isPartOf":{"@id":"https:\/\/kabellion.net\/index.php\/2025\/10\/06\/14-09-2025-lexposition-cezanne-a-aix-en-provence\/"},"author":{"name":"Kabellion","@id":"https:\/\/kabellion.net\/#\/schema\/person\/8b3e384795cabe38c3993960aa7fef2c"},"headline":"14\/09\/2025 &#8211; Visite de l&rsquo;exposition C\u00e9zanne \u00e0 Aix-en-Provence","datePublished":"2025-10-06T15:27:54+00:00","dateModified":"2025-10-06T15:31:28+00:00","mainEntityOfPage":{"@id":"https:\/\/kabellion.net\/index.php\/2025\/10\/06\/14-09-2025-lexposition-cezanne-a-aix-en-provence\/"},"wordCount":108,"publisher":{"@id":"https:\/\/kabellion.net\/#organization"},"image":{"@id":"https:\/\/kabellion.net\/index.php\/2025\/10\/06\/14-09-2025-lexposition-cezanne-a-aix-en-provence\/#primaryimage"},"thumbnailUrl":"https:\/\/kabellion.net\/wp-content\/uploads\/2025\/09\/Cezanne-Aix-en-Provence-2025-e1759764789978.jpg","articleSection":["\u00c9v\u00e8nements"],"inLanguage":"fr-FR"},{"@type":"WebPage","@id":"https:\/\/kabellion.net\/index.php\/2025\/10\/06\/14-09-2025-lexposition-cezanne-a-aix-en-provence\/","url":"https:\/\/kabellion.net\/index.php\/2025\/10\/06\/14-09-2025-lexposition-cezanne-a-aix-en-provence\/","name":"14\/09\/2025 - Visite de l'exposition C\u00e9zanne \u00e0 Aix-en-Provence - kabellion","isPartOf":{"@id":"https:\/\/kabellion.net\/#website"},"primaryImageOfPage":{"@id":"https:\/\/kabellion.net\/index.php\/2025\/10\/06\/14-09-2025-lexposition-cezanne-a-aix-en-provence\/#primaryimage"},"image":{"@id":"https:\/\/kabellion.net\/index.php\/2025\/10\/06\/14-09-2025-lexposition-cezanne-a-aix-en-provence\/#primaryimage"},"thumbnailUrl":"https:\/\/kabellion.net\/wp-content\/uploads\/2025\/09\/Cezanne-Aix-en-Provence-2025-e1759764789978.jpg","datePublished":"2025-10-06T15:27:54+00:00","dateModified":"2025-10-06T15:31:28+00:00","description":"Visite du Ch\u00e2teau d'Avignon en Camargue par l'association Kabellion.","breadcrumb":{"@id":"https:\/\/kabellion.net\/index.php\/2025\/10\/06\/14-09-2025-lexposition-cezanne-a-aix-en-provence\/#breadcrumb"},"inLanguage":"fr-FR","potentialAction":[{"@type":"ReadAction","target":["https:\/\/kabellion.net\/index.php\/2025\/10\/06\/14-09-2025-lexposition-cezanne-a-aix-en-provence\/"]}]},{"@type":"ImageObject","inLanguage":"fr-FR","@id":"https:\/\/kabellion.net\/index.php\/2025\/10\/06\/14-09-2025-lexposition-cezanne-a-aix-en-provence\/#primaryimage","url":"https:\/\/kabellion.net\/wp-content\/uploads\/2025\/09\/Cezanne-Aix-en-Provence-2025-e1759764789978.jpg","contentUrl":"https:\/\/kabellion.net\/wp-content\/uploads\/2025\/09\/Cezanne-Aix-en-Provence-2025-e1759764789978.jpg","width":509,"height":382,"caption":"Ce\u0301zanne Aix en Provence 2025"},{"@type":"BreadcrumbList","@id":"https:\/\/kabellion.net\/index.php\/2025\/10\/06\/14-09-2025-lexposition-cezanne-a-aix-en-provence\/#breadcrumb","itemListElement":[{"@type":"ListItem","position":1,"name":"Accueil","item":"https:\/\/kabellion.net\/"},{"@type":"ListItem","position":2,"name":"14\/09\/2025 &#8211; Visite de l&rsquo;exposition C\u00e9zanne \u00e0 Aix-en-Provence"}]},{"@type":"WebSite","@id":"https:\/\/kabellion.net\/#website","url":"https:\/\/kabellion.net\/","name":"kabellion","description":"Kabellion Histoire &amp; patrimoine de Cavaillon","publisher":{"@id":"https:\/\/kabellion.net\/#organization"},"potentialAction":[{"@type":"SearchAction","target":{"@type":"EntryPoint","urlTemplate":"https:\/\/kabellion.net\/?s={search_term_string}"},"query-input":{"@type":"PropertyValueSpecification","valueRequired":true,"valueName":"search_term_string"}}],"inLanguage":"fr-FR"},{"@type":"Organization","@id":"https:\/\/kabellion.net\/#organization","name":"kabellion","url":"https:\/\/kabellion.net\/","logo":{"@type":"ImageObject","inLanguage":"fr-FR","@id":"https:\/\/kabellion.net\/#\/schema\/logo\/image\/","url":"https:\/\/kabellion.net\/wp-content\/uploads\/2023\/10\/Logo-Kabellion.jpeg","contentUrl":"https:\/\/kabellion.net\/wp-content\/uploads\/2023\/10\/Logo-Kabellion.jpeg","width":843,"height":363,"caption":"kabellion"},"image":{"@id":"https:\/\/kabellion.net\/#\/schema\/logo\/image\/"}},{"@type":"Person","@id":"https:\/\/kabellion.net\/#\/schema\/person\/8b3e384795cabe38c3993960aa7fef2c","name":"Kabellion","image":{"@type":"ImageObject","inLanguage":"fr-FR","@id":"https:\/\/kabellion.net\/#\/schema\/person\/image\/","url":"https:\/\/secure.gravatar.com\/avatar\/ceff023647a39178237ea3e12020fd5b05956125ab909d0207cf53253aba27d8?s=96&d=mm&r=g","contentUrl":"https:\/\/secure.gravatar.com\/avatar\/ceff023647a39178237ea3e12020fd5b05956125ab909d0207cf53253aba27d8?s=96&d=mm&r=g","caption":"Kabellion"},"sameAs":["http:\/\/kabellion.net"],"url":"https:\/\/kabellion.net\/index.php\/author\/admin4880\/"}]}},"_links":{"self":[{"href":"https:\/\/kabellion.net\/index.php\/wp-json\/wp\/v2\/posts\/1303","targetHints":{"allow":["GET"]}}],"collection":[{"href":"https:\/\/kabellion.net\/index.php\/wp-json\/wp\/v2\/posts"}],"about":[{"href":"https:\/\/kabellion.net\/index.php\/wp-json\/wp\/v2\/types\/post"}],"author":[{"embeddable":true,"href":"https:\/\/kabellion.net\/index.php\/wp-json\/wp\/v2\/users\/1"}],"replies":[{"embeddable":true,"href":"https:\/\/kabellion.net\/index.php\/wp-json\/wp\/v2\/comments?post=1303"}],"version-history":[{"count":5,"href":"https:\/\/kabellion.net\/index.php\/wp-json\/wp\/v2\/posts\/1303\/revisions"}],"predecessor-version":[{"id":1308,"href":"https:\/\/kabellion.net\/index.php\/wp-json\/wp\/v2\/posts\/1303\/revisions\/1308"}],"wp:featuredmedia":[{"embeddable":true,"href":"https:\/\/kabellion.net\/index.php\/wp-json\/wp\/v2\/media\/1184"}],"wp:attachment":[{"href":"https:\/\/kabellion.net\/index.php\/wp-json\/wp\/v2\/media?parent=1303"}],"wp:term":[{"taxonomy":"category","embeddable":true,"href":"https:\/\/kabellion.net\/index.php\/wp-json\/wp\/v2\/categories?post=1303"},{"taxonomy":"post_tag","embeddable":true,"href":"https:\/\/kabellion.net\/index.php\/wp-json\/wp\/v2\/tags?post=1303"}],"curies":[{"name":"wp","href":"https:\/\/api.w.org\/{rel}","templated":true}]}}